{"id":538,"date":"2017-03-30T22:42:48","date_gmt":"2017-03-30T22:42:48","guid":{"rendered":"http:\/\/www.costaricancocoa.com\/contenido\/?p=538"},"modified":"2017-03-30T22:42:48","modified_gmt":"2017-03-30T22:42:48","slug":"tarta-de-queso-y-chocolate-oscuro","status":"publish","type":"post","link":"https:\/\/www.costaricancocoa.com\/contenido\/tarta-de-queso-y-chocolate-oscuro\/","title":{"rendered":"Tarta de Queso y Chocolate Oscuro"},"content":{"rendered":"<p><img loading=\"lazy\" decoding=\"async\" class=\"size-medium wp-image-539 alignright\" src=\"https:\/\/www.costaricancocoa.com\/contenido\/wp-content\/uploads\/2017\/03\/5-294x300.png\" alt=\"5\" width=\"294\" height=\"300\" srcset=\"https:\/\/www.costaricancocoa.com\/contenido\/wp-content\/uploads\/2017\/03\/5-294x300.png 294w, https:\/\/www.costaricancocoa.com\/contenido\/wp-content\/uploads\/2017\/03\/5-143x146.png 143w, https:\/\/www.costaricancocoa.com\/contenido\/wp-content\/uploads\/2017\/03\/5-50x50.png 50w, https:\/\/www.costaricancocoa.com\/contenido\/wp-content\/uploads\/2017\/03\/5-73x75.png 73w, https:\/\/www.costaricancocoa.com\/contenido\/wp-content\/uploads\/2017\/03\/5.png 375w\" sizes=\"auto, (max-width:767px) 294px, 294px\" \/><\/p>\n<p class=\"blog_titulos_info\">Tarta de Queso y Chocolate Oscuro<\/p>\n<p><strong>Ingredientes<\/strong><\/p>\n<ul>\n<li>340 gr. de cobertura de chocolate 121 \u201cChirrip\u00f3\u201d<\/li>\n<li>175 gr. de galletas (tipo Mar\u00eda) \u00b7 75 gr. de mantequilla<\/li>\n<li>75 ml. de leche<\/li>\n<li>400 ml. de crema dulce+ 100 ml para la cobertura<\/li>\n<li>250 gr. de queso crema<\/li>\n<li>75 gr. de az\u00facar400 gr. de queso blanco pasteurizado<\/li>\n<\/ul>\n<p><strong>Preparaci\u00f3n<\/strong><\/p>\n<p>1. Forr\u00e1 la base de un molde de 20 cm con papel de horno.<br \/>\n2. Fund\u00ed la mantequilla al microondas y mezcl\u00e1 con las galletas trituradas.<br \/>\n3. Repart\u00ed la mezcla por la base del molde y apret\u00e1 dejando una capa uniforme. Guard\u00e1 la mezcla en la nevera.<br \/>\n4. Pon\u00e9 a calentar los 400 ml. de crema dulce, el az\u00facar, el queso y el chocolate (240 gr.) troce\u00e1 y remov\u00e9 en el fuego suave hasta que se funda.<br \/>\n5. Mezcl\u00e1 el queso crema con la leche. Incorporala y remov\u00e9.<br \/>\n6. Vert\u00ed la mezcla en el molde y refriger\u00e1 m\u00ednimo unas 4 horas.<br \/>\nCobertura:<br \/>\n1. Pon\u00e9 los 100 ml. de crema dulce a calentar y llev\u00e1 a ebullici\u00f3n. Fuera del fuego, a\u00f1ad\u00ed los 100 gr. de chocolate troceado y revolv\u00e9. Sac\u00e1 la tarta del refrigerador y desmold\u00e1. Vert\u00ed la cobertura por encima y refriger\u00e1 m\u00ednimo 30 min.<\/p>\n","protected":false},"excerpt":{"rendered":"<p>Tarta de Queso y Chocolate Oscuro Ingredientes 340 gr. de cobertura de chocolate 121 \u201cChirrip\u00f3\u201d 175 gr. de galletas (tipo Mar\u00eda) \u00b7 75 gr. de mantequilla<span class=\"excerpt-hellip\"> [\u2026]<\/span><\/p>\n","protected":false},"author":2,"featured_media":539,"comment_status":"closed","ping_status":"closed","sticky":false,"template":"","format":"standard","meta":{"footnotes":""},"categories":[5],"tags":[],"class_list":["post-538","post","type-post","status-publish","format-standard","has-post-thumbnail","hentry","category-recetas"],"yoast_head":"<!-- This site is optimized with the Yoast SEO plugin v26.8 - https:\/\/yoast.com\/product\/yoast-seo-wordpress\/ -->\n<title>Tarta de Queso y Chocolate Oscuro - Costarican Cocoa<\/title>\n<meta name=\"robots\" content=\"index, follow, max-snippet:-1, max-image-preview:large, max-video-preview:-1\" \/>\n<link rel=\"canonical\" href=\"https:\/\/www.costaricancocoa.com\/contenido\/tarta-de-queso-y-chocolate-oscuro\/\" \/>\n<meta property=\"og:locale\" content=\"es_ES\" \/>\n<meta property=\"og:type\" content=\"article\" \/>\n<meta property=\"og:title\" content=\"Tarta de Queso y Chocolate Oscuro - Costarican Cocoa\" \/>\n<meta property=\"og:description\" content=\"Tarta de Queso y Chocolate Oscuro Ingredientes 340 gr. de cobertura de chocolate 121 \u201cChirrip\u00f3\u201d 175 gr. de galletas (tipo Mar\u00eda) \u00b7 75 gr. de mantequilla [\u2026]\" \/>\n<meta property=\"og:url\" content=\"https:\/\/www.costaricancocoa.com\/contenido\/tarta-de-queso-y-chocolate-oscuro\/\" \/>\n<meta property=\"og:site_name\" content=\"Costarican Cocoa\" \/>\n<meta property=\"article:published_time\" content=\"2017-03-30T22:42:48+00:00\" \/>\n<meta property=\"og:image\" content=\"https:\/\/www.costaricancocoa.com\/contenido\/wp-content\/uploads\/2017\/03\/5.png\" \/>\n\t<meta property=\"og:image:width\" content=\"375\" \/>\n\t<meta property=\"og:image:height\" content=\"383\" \/>\n\t<meta property=\"og:image:type\" content=\"image\/png\" \/>\n<meta name=\"author\" content=\"arweb\" \/>\n<meta name=\"twitter:card\" content=\"summary_large_image\" \/>\n<meta name=\"twitter:label1\" content=\"Escrito por\" \/>\n\t<meta name=\"twitter:data1\" content=\"arweb\" \/>\n\t<meta name=\"twitter:label2\" content=\"Tiempo de lectura\" \/>\n\t<meta name=\"twitter:data2\" content=\"1 minuto\" \/>\n<script type=\"application\/ld+json\" class=\"yoast-schema-graph\">{\"@context\":\"https:\/\/schema.org\",\"@graph\":[{\"@type\":\"Article\",\"@id\":\"https:\/\/www.costaricancocoa.com\/contenido\/tarta-de-queso-y-chocolate-oscuro\/#article\",\"isPartOf\":{\"@id\":\"https:\/\/www.costaricancocoa.com\/contenido\/tarta-de-queso-y-chocolate-oscuro\/\"},\"author\":{\"name\":\"arweb\",\"@id\":\"https:\/\/www.costaricancocoa.com\/contenido\/#\/schema\/person\/4d6d1607d7a4a7ebb74a629c9abca24a\"},\"headline\":\"Tarta de Queso y Chocolate Oscuro\",\"datePublished\":\"2017-03-30T22:42:48+00:00\",\"mainEntityOfPage\":{\"@id\":\"https:\/\/www.costaricancocoa.com\/contenido\/tarta-de-queso-y-chocolate-oscuro\/\"},\"wordCount\":190,\"image\":{\"@id\":\"https:\/\/www.costaricancocoa.com\/contenido\/tarta-de-queso-y-chocolate-oscuro\/#primaryimage\"},\"thumbnailUrl\":\"https:\/\/www.costaricancocoa.com\/contenido\/wp-content\/uploads\/2017\/03\/5.png\",\"articleSection\":[\"recetas\"],\"inLanguage\":\"es\"},{\"@type\":\"WebPage\",\"@id\":\"https:\/\/www.costaricancocoa.com\/contenido\/tarta-de-queso-y-chocolate-oscuro\/\",\"url\":\"https:\/\/www.costaricancocoa.com\/contenido\/tarta-de-queso-y-chocolate-oscuro\/\",\"name\":\"Tarta de Queso y Chocolate Oscuro - Costarican Cocoa\",\"isPartOf\":{\"@id\":\"https:\/\/www.costaricancocoa.com\/contenido\/#website\"},\"primaryImageOfPage\":{\"@id\":\"https:\/\/www.costaricancocoa.com\/contenido\/tarta-de-queso-y-chocolate-oscuro\/#primaryimage\"},\"image\":{\"@id\":\"https:\/\/www.costaricancocoa.com\/contenido\/tarta-de-queso-y-chocolate-oscuro\/#primaryimage\"},\"thumbnailUrl\":\"https:\/\/www.costaricancocoa.com\/contenido\/wp-content\/uploads\/2017\/03\/5.png\",\"datePublished\":\"2017-03-30T22:42:48+00:00\",\"author\":{\"@id\":\"https:\/\/www.costaricancocoa.com\/contenido\/#\/schema\/person\/4d6d1607d7a4a7ebb74a629c9abca24a\"},\"breadcrumb\":{\"@id\":\"https:\/\/www.costaricancocoa.com\/contenido\/tarta-de-queso-y-chocolate-oscuro\/#breadcrumb\"},\"inLanguage\":\"es\",\"potentialAction\":[{\"@type\":\"ReadAction\",\"target\":[\"https:\/\/www.costaricancocoa.com\/contenido\/tarta-de-queso-y-chocolate-oscuro\/\"]}]},{\"@type\":\"ImageObject\",\"inLanguage\":\"es\",\"@id\":\"https:\/\/www.costaricancocoa.com\/contenido\/tarta-de-queso-y-chocolate-oscuro\/#primaryimage\",\"url\":\"https:\/\/www.costaricancocoa.com\/contenido\/wp-content\/uploads\/2017\/03\/5.png\",\"contentUrl\":\"https:\/\/www.costaricancocoa.com\/contenido\/wp-content\/uploads\/2017\/03\/5.png\",\"width\":375,\"height\":383},{\"@type\":\"BreadcrumbList\",\"@id\":\"https:\/\/www.costaricancocoa.com\/contenido\/tarta-de-queso-y-chocolate-oscuro\/#breadcrumb\",\"itemListElement\":[{\"@type\":\"ListItem\",\"position\":1,\"name\":\"Portada\",\"item\":\"https:\/\/www.costaricancocoa.com\/contenido\/\"},{\"@type\":\"ListItem\",\"position\":2,\"name\":\"Tarta de Queso y Chocolate Oscuro\"}]},{\"@type\":\"WebSite\",\"@id\":\"https:\/\/www.costaricancocoa.com\/contenido\/#website\",\"url\":\"https:\/\/www.costaricancocoa.com\/contenido\/\",\"name\":\"Costarican Cocoa\",\"description\":\"\",\"potentialAction\":[{\"@type\":\"SearchAction\",\"target\":{\"@type\":\"EntryPoint\",\"urlTemplate\":\"https:\/\/www.costaricancocoa.com\/contenido\/?s={search_term_string}\"},\"query-input\":{\"@type\":\"PropertyValueSpecification\",\"valueRequired\":true,\"valueName\":\"search_term_string\"}}],\"inLanguage\":\"es\"},{\"@type\":\"Person\",\"@id\":\"https:\/\/www.costaricancocoa.com\/contenido\/#\/schema\/person\/4d6d1607d7a4a7ebb74a629c9abca24a\",\"name\":\"arweb\",\"image\":{\"@type\":\"ImageObject\",\"inLanguage\":\"es\",\"@id\":\"https:\/\/www.costaricancocoa.com\/contenido\/#\/schema\/person\/image\/\",\"url\":\"https:\/\/secure.gravatar.com\/avatar\/a3ba389d0ac98e39538638155fcf120223b727e23acabe48988f5ec3f0975437?s=96&d=mm&r=g\",\"contentUrl\":\"https:\/\/secure.gravatar.com\/avatar\/a3ba389d0ac98e39538638155fcf120223b727e23acabe48988f5ec3f0975437?s=96&d=mm&r=g\",\"caption\":\"arweb\"},\"url\":\"https:\/\/www.costaricancocoa.com\/contenido\/author\/arweb\/\"}]}<\/script>\n<!-- \/ Yoast SEO plugin. -->","yoast_head_json":{"title":"Tarta de Queso y Chocolate Oscuro - Costarican Cocoa","robots":{"index":"index","follow":"follow","max-snippet":"max-snippet:-1","max-image-preview":"max-image-preview:large","max-video-preview":"max-video-preview:-1"},"canonical":"https:\/\/www.costaricancocoa.com\/contenido\/tarta-de-queso-y-chocolate-oscuro\/","og_locale":"es_ES","og_type":"article","og_title":"Tarta de Queso y Chocolate Oscuro - Costarican Cocoa","og_description":"Tarta de Queso y Chocolate Oscuro Ingredientes 340 gr. de cobertura de chocolate 121 \u201cChirrip\u00f3\u201d 175 gr. de galletas (tipo Mar\u00eda) \u00b7 75 gr. de mantequilla [\u2026]","og_url":"https:\/\/www.costaricancocoa.com\/contenido\/tarta-de-queso-y-chocolate-oscuro\/","og_site_name":"Costarican Cocoa","article_published_time":"2017-03-30T22:42:48+00:00","og_image":[{"width":375,"height":383,"url":"https:\/\/www.costaricancocoa.com\/contenido\/wp-content\/uploads\/2017\/03\/5.png","type":"image\/png"}],"author":"arweb","twitter_card":"summary_large_image","twitter_misc":{"Escrito por":"arweb","Tiempo de lectura":"1 minuto"},"schema":{"@context":"https:\/\/schema.org","@graph":[{"@type":"Article","@id":"https:\/\/www.costaricancocoa.com\/contenido\/tarta-de-queso-y-chocolate-oscuro\/#article","isPartOf":{"@id":"https:\/\/www.costaricancocoa.com\/contenido\/tarta-de-queso-y-chocolate-oscuro\/"},"author":{"name":"arweb","@id":"https:\/\/www.costaricancocoa.com\/contenido\/#\/schema\/person\/4d6d1607d7a4a7ebb74a629c9abca24a"},"headline":"Tarta de Queso y Chocolate Oscuro","datePublished":"2017-03-30T22:42:48+00:00","mainEntityOfPage":{"@id":"https:\/\/www.costaricancocoa.com\/contenido\/tarta-de-queso-y-chocolate-oscuro\/"},"wordCount":190,"image":{"@id":"https:\/\/www.costaricancocoa.com\/contenido\/tarta-de-queso-y-chocolate-oscuro\/#primaryimage"},"thumbnailUrl":"https:\/\/www.costaricancocoa.com\/contenido\/wp-content\/uploads\/2017\/03\/5.png","articleSection":["recetas"],"inLanguage":"es"},{"@type":"WebPage","@id":"https:\/\/www.costaricancocoa.com\/contenido\/tarta-de-queso-y-chocolate-oscuro\/","url":"https:\/\/www.costaricancocoa.com\/contenido\/tarta-de-queso-y-chocolate-oscuro\/","name":"Tarta de Queso y Chocolate Oscuro - Costarican Cocoa","isPartOf":{"@id":"https:\/\/www.costaricancocoa.com\/contenido\/#website"},"primaryImageOfPage":{"@id":"https:\/\/www.costaricancocoa.com\/contenido\/tarta-de-queso-y-chocolate-oscuro\/#primaryimage"},"image":{"@id":"https:\/\/www.costaricancocoa.com\/contenido\/tarta-de-queso-y-chocolate-oscuro\/#primaryimage"},"thumbnailUrl":"https:\/\/www.costaricancocoa.com\/contenido\/wp-content\/uploads\/2017\/03\/5.png","datePublished":"2017-03-30T22:42:48+00:00","author":{"@id":"https:\/\/www.costaricancocoa.com\/contenido\/#\/schema\/person\/4d6d1607d7a4a7ebb74a629c9abca24a"},"breadcrumb":{"@id":"https:\/\/www.costaricancocoa.com\/contenido\/tarta-de-queso-y-chocolate-oscuro\/#breadcrumb"},"inLanguage":"es","potentialAction":[{"@type":"ReadAction","target":["https:\/\/www.costaricancocoa.com\/contenido\/tarta-de-queso-y-chocolate-oscuro\/"]}]},{"@type":"ImageObject","inLanguage":"es","@id":"https:\/\/www.costaricancocoa.com\/contenido\/tarta-de-queso-y-chocolate-oscuro\/#primaryimage","url":"https:\/\/www.costaricancocoa.com\/contenido\/wp-content\/uploads\/2017\/03\/5.png","contentUrl":"https:\/\/www.costaricancocoa.com\/contenido\/wp-content\/uploads\/2017\/03\/5.png","width":375,"height":383},{"@type":"BreadcrumbList","@id":"https:\/\/www.costaricancocoa.com\/contenido\/tarta-de-queso-y-chocolate-oscuro\/#breadcrumb","itemListElement":[{"@type":"ListItem","position":1,"name":"Portada","item":"https:\/\/www.costaricancocoa.com\/contenido\/"},{"@type":"ListItem","position":2,"name":"Tarta de Queso y Chocolate Oscuro"}]},{"@type":"WebSite","@id":"https:\/\/www.costaricancocoa.com\/contenido\/#website","url":"https:\/\/www.costaricancocoa.com\/contenido\/","name":"Costarican Cocoa","description":"","potentialAction":[{"@type":"SearchAction","target":{"@type":"EntryPoint","urlTemplate":"https:\/\/www.costaricancocoa.com\/contenido\/?s={search_term_string}"},"query-input":{"@type":"PropertyValueSpecification","valueRequired":true,"valueName":"search_term_string"}}],"inLanguage":"es"},{"@type":"Person","@id":"https:\/\/www.costaricancocoa.com\/contenido\/#\/schema\/person\/4d6d1607d7a4a7ebb74a629c9abca24a","name":"arweb","image":{"@type":"ImageObject","inLanguage":"es","@id":"https:\/\/www.costaricancocoa.com\/contenido\/#\/schema\/person\/image\/","url":"https:\/\/secure.gravatar.com\/avatar\/a3ba389d0ac98e39538638155fcf120223b727e23acabe48988f5ec3f0975437?s=96&d=mm&r=g","contentUrl":"https:\/\/secure.gravatar.com\/avatar\/a3ba389d0ac98e39538638155fcf120223b727e23acabe48988f5ec3f0975437?s=96&d=mm&r=g","caption":"arweb"},"url":"https:\/\/www.costaricancocoa.com\/contenido\/author\/arweb\/"}]}},"_links":{"self":[{"href":"https:\/\/www.costaricancocoa.com\/contenido\/wp-json\/wp\/v2\/posts\/538","targetHints":{"allow":["GET"]}}],"collection":[{"href":"https:\/\/www.costaricancocoa.com\/contenido\/wp-json\/wp\/v2\/posts"}],"about":[{"href":"https:\/\/www.costaricancocoa.com\/contenido\/wp-json\/wp\/v2\/types\/post"}],"author":[{"embeddable":true,"href":"https:\/\/www.costaricancocoa.com\/contenido\/wp-json\/wp\/v2\/users\/2"}],"replies":[{"embeddable":true,"href":"https:\/\/www.costaricancocoa.com\/contenido\/wp-json\/wp\/v2\/comments?post=538"}],"version-history":[{"count":1,"href":"https:\/\/www.costaricancocoa.com\/contenido\/wp-json\/wp\/v2\/posts\/538\/revisions"}],"predecessor-version":[{"id":541,"href":"https:\/\/www.costaricancocoa.com\/contenido\/wp-json\/wp\/v2\/posts\/538\/revisions\/541"}],"wp:featuredmedia":[{"embeddable":true,"href":"https:\/\/www.costaricancocoa.com\/contenido\/wp-json\/wp\/v2\/media\/539"}],"wp:attachment":[{"href":"https:\/\/www.costaricancocoa.com\/contenido\/wp-json\/wp\/v2\/media?parent=538"}],"wp:term":[{"taxonomy":"category","embeddable":true,"href":"https:\/\/www.costaricancocoa.com\/contenido\/wp-json\/wp\/v2\/categories?post=538"},{"taxonomy":"post_tag","embeddable":true,"href":"https:\/\/www.costaricancocoa.com\/contenido\/wp-json\/wp\/v2\/tags?post=538"}],"curies":[{"name":"wp","href":"https:\/\/api.w.org\/{rel}","templated":true}]}}